{"id":2476,"date":"2018-04-16T19:31:10","date_gmt":"2018-04-16T19:31:10","guid":{"rendered":"http:\/\/pierrepotvin.com\/wp\/?p=2476"},"modified":"2018-04-16T19:31:10","modified_gmt":"2018-04-16T19:31:10","slug":"avec-le-hijab-bye-bye-a-lautorite-independante-neutre-impartiale-et-fiable-du-corps-policier","status":"publish","type":"post","link":"https:\/\/pierrepotvin.com\/wp\/avec-le-hijab-bye-bye-a-lautorite-independante-neutre-impartiale-et-fiable-du-corps-policier\/","title":{"rendered":"Avec le hijab, Bye! Bye! \u00e0 l&rsquo;autorit\u00e9 ind\u00e9pendante, neutre, impartiale et  fiable du corps policier"},"content":{"rendered":"<p>&nbsp;<\/p>\n<h3 style=\"text-align: left;\"><span style=\"color: #000000;\">Un texte de Yolande Potvin ma conjointe<\/span><br \/>\n<span style=\"color: #000000;\">le 16 avril 2018<\/span><\/h3>\n<h3 style=\"text-align: center;\"><span style=\"color: #000000;\"><strong>Avec le hijab, Bye! Bye! \u00e0 l&rsquo;autorit\u00e9 ind\u00e9pendante, neutre, impartiale et<br \/>\nfiable du corps policier<\/strong><\/span><\/h3>\n<h3>\u00a0<span style=\"color: #000000;\">Avez-vous entendu le propos du 1<sup>er<\/sup> ministre Mr Couillard lequel a paru \u00e0 la t.v. il y a quelques jours? Il a dit: \u00ab\u00a0Je vais mettre au d\u00e9fi monsieur Legault (et&#8230;) de rencontrer cette jeune femme, et lui dire les yeux dans les yeux, qu&rsquo;ils ne veulent pas qu&rsquo;elle soit polici\u00e8re au Qu\u00e9bec (etc). Puis, \u00e0 un autre moment il dit que c&rsquo;est \u00ab\u00a0casser son r\u00eave\u00a0\u00bb. Oh la la! Quel langage culpabilisant, simpliste et superficiel. J&rsquo;esp\u00e8re effectivement qu&rsquo;il existe des politiciens qui seraient capables de dire \u00e0 cette jeune fille qu&rsquo;elle peut r\u00e9aliser son r\u00eave de devenir polici\u00e8re, mais qu&rsquo;elle doit porter son hijab en dehors de son travail.<\/span><\/h3>\n<h3>\u00a0<span style=\"color: #000000;\">Si cela \u00e9tait accept\u00e9 pour cette jeune fille, &#8211; et que vous avez le sens de la justice &#8211; pourquoi cela ne serait pas accept\u00e9 si un jeune homme, se disant chr\u00e9tien, voudrait fixer une crois \u00e0 l&rsquo;avant de sa calotte de policier disant pour lui aussi, ce serait son r\u00eave<strong>;<\/strong> puis, d&rsquo;autres arriveraient avec les mots magiques, esp\u00e9rant r\u00e9aliser leur r\u00eave\u00a0 Accepter que les uns et les autres apportent leur touche personnelle \u00e0 l&rsquo;uniforme policier, cet uniforme qui est conforme \u00e0 la r\u00e8gle, cela pourrait alt\u00e9rer le message d&rsquo;une autorit\u00e9 imposante et fiable reconnue par les gens<strong>;<\/strong> la soci\u00e9t\u00e9 deviendrait troubl\u00e9e suite \u00e0 l&rsquo;ajout de tel ou tel objet modifiant l&rsquo;image de cette uniformit\u00e9 \u00e0 laquelle on s&rsquo;attend<strong>;<\/strong> des gens pourraient alors se demander: \u00ab\u00a0Mais qui est cette polici\u00e8re qui travaille au Qu\u00e9bec et qui ne r\u00e9pond pas \u00e0 la norme r\u00e9gissant l&rsquo;habillement d&rsquo;une \u00a0polici\u00e8re du Qu\u00e9bec? Il serait insens\u00e9 qu&rsquo;une jeune fille de 17 ans vienne imposer \u00e0 toute une soci\u00e9t\u00e9 son choix personnel par rapport \u00e0 l&rsquo;uniforme r\u00e9gulier de la polici\u00e8re.<\/span><\/h3>\n<h3><span style=\"color: #000000;\">J&rsquo;attire l&rsquo;attention ici sur le propos suivant, tr\u00e8s juste, \u00e9nonc\u00e9 par Denis L\u00e9vesque (\u00e0 son \u00e9mission du 12 avril): \u00ab\u00a0c&rsquo;est le seul m\u00e9tier o\u00f9 tu as le droit d&rsquo;exercer la violence pour faire respecter la loi, et tu as un revolver&#8230;donc il faut que ce soit unanimement accept\u00e9 que tu es ind\u00e9pendant, et neutre, et impartial.\u00a0\u00bb \u00a0La soci\u00e9t\u00e9 donne un tr\u00e8s grand pouvoir aux policiers puisqu&rsquo;ils ont le pouvoir de faire respecter les lois. Leur travail consiste \u00e0 bien jouer ce r\u00f4le lequel les entra\u00eene \u00e0 apprendre aux citoyens \u00e0 respecter des limites. Mais eux-m\u00eames, pour \u00eatre de bons policiers, ils doivent avoir l&rsquo;honn\u00eatet\u00e9 de bien respecter le r\u00f4le qu&rsquo;avec confiance la soci\u00e9t\u00e9 leur a d\u00e9volu. Or leur r\u00f4le c&rsquo;est pr\u00e9cis\u00e9ment de repr\u00e9senter une autorit\u00e9 ind\u00e9pendante, neutre et impartiale.<\/span><\/h3>\n<h3><span style=\"color: #000000;\">Permettre cela \u00e0 cette personne, ce serait devoir le permettre \u00e0 tous ceux qui se mettraient \u00e0 l&rsquo;imiter et alors&#8230; bye bye autorit\u00e9 ind\u00e9pendante, neutre, impartiale et fiable du corps policier.<\/span><\/h3>\n<h3>\u00a0<span style=\"color: #000000;\">Yolande Potvin<\/span><\/h3>\n<p><strong>\u00a0<\/strong><\/p>\n<p><strong>\u00a0<\/strong><\/p>\n<p><strong>\u00a0<\/strong><\/p>\n","protected":false},"excerpt":{"rendered":"<p>&nbsp; Un texte de Yolande Potvin ma conjointe le 16 avril 2018 Avec le hijab, Bye! Bye! \u00e0 l&rsquo;autorit\u00e9 ind\u00e9pendante, neutre, impartiale et fiable du corps policier \u00a0Avez-vous entendu le propos du 1er ministre Mr Couillard lequel a paru \u00e0 la t.v. il y a quelques jours? Il a dit: \u00ab\u00a0Je vais mettre au d\u00e9fi&hellip;<\/p>\n","protected":false},"author":1,"featured_media":0,"comment_status":"open","ping_status":"closed","sticky":false,"template":"","format":"standard","meta":{"jetpack_post_was_ever_published":false,"_jetpack_newsletter_access":"","_jetpack_dont_email_post_to_subs":false,"_jetpack_newsletter_tier_id":0,"_jetpack_memberships_contains_paywalled_content":false,"_jetpack_memberships_contains_paid_content":false,"footnotes":""},"categories":[37],"tags":[],"class_list":["post-2476","post","type-post","status-publish","format-standard","hentry","category-b-societe"],"jetpack_featured_media_url":"","jetpack_sharing_enabled":true,"_links":{"self":[{"href":"https:\/\/pierrepotvin.com\/wp\/wp-json\/wp\/v2\/posts\/2476","targetHints":{"allow":["GET"]}}],"collection":[{"href":"https:\/\/pierrepotvin.com\/wp\/wp-json\/wp\/v2\/posts"}],"about":[{"href":"https:\/\/pierrepotvin.com\/wp\/wp-json\/wp\/v2\/types\/post"}],"author":[{"embeddable":true,"href":"https:\/\/pierrepotvin.com\/wp\/wp-json\/wp\/v2\/users\/1"}],"replies":[{"embeddable":true,"href":"https:\/\/pierrepotvin.com\/wp\/wp-json\/wp\/v2\/comments?post=2476"}],"version-history":[{"count":3,"href":"https:\/\/pierrepotvin.com\/wp\/wp-json\/wp\/v2\/posts\/2476\/revisions"}],"predecessor-version":[{"id":2479,"href":"https:\/\/pierrepotvin.com\/wp\/wp-json\/wp\/v2\/posts\/2476\/revisions\/2479"}],"wp:attachment":[{"href":"https:\/\/pierrepotvin.com\/wp\/wp-json\/wp\/v2\/media?parent=2476"}],"wp:term":[{"taxonomy":"category","embeddable":true,"href":"https:\/\/pierrepotvin.com\/wp\/wp-json\/wp\/v2\/categories?post=2476"},{"taxonomy":"post_tag","embeddable":true,"href":"https:\/\/pierrepotvin.com\/wp\/wp-json\/wp\/v2\/tags?post=2476"}],"curies":[{"name":"wp","href":"https:\/\/api.w.org\/{rel}","templated":true}]}}